{"id":499,"date":"2026-07-12T11:00:02","date_gmt":"2026-07-12T10:00:02","guid":{"rendered":"https:\/\/mieszkaniewpraktyce.pl\/?p=499"},"modified":"2026-07-12T11:00:04","modified_gmt":"2026-07-12T10:00:04","slug":"urzadzanie-nowego-mieszkania-kuchnia-zabudowa-pod-sufit","status":"publish","type":"post","link":"https:\/\/mieszkaniewpraktyce.pl\/index.php\/2026\/07\/12\/urzadzanie-nowego-mieszkania-kuchnia-zabudowa-pod-sufit\/","title":{"rendered":"Urz\u0105dzanie nowego mieszkania &#8211; jak zaplanowali\u015bmy kuchni\u0119, \u017ceby wszystko mia\u0142o swoje miejsce"},"content":{"rendered":"\n<p class=\"wp-block-paragraph\">Zakup nowego mieszkania to moment, kiedy mo\u017cna od razu zaplanowa\u0107 wn\u0119trze bez p\u00f3\u017aniejszych przer\u00f3bek. W tym przypadku w\u0142a\u015bciciele chcieli urz\u0105dzi\u0107 mieszkanie tak, aby by\u0142o wygodne na co dzie\u0144, bez przypadkowych mebli i sprz\u0119t\u00f3w stoj\u0105cych na wierzchu. Kuchnia mia\u0142a sta\u0107 si\u0119 cz\u0119\u015bci\u0105 ca\u0142ej przestrzeni, a nie osobnym pomieszczeniem pe\u0142nym r\u00f3\u017cnych szafek.<\/p>\n\n\n\n<p class=\"wp-block-paragraph\">Ju\u017c na pocz\u0105tku by\u0142o wiadomo, \u017ce liczy si\u0119 nie tylko wygl\u0105d. Najwa\u017cniejsze by\u0142o wykorzystanie ka\u017cdego centymetra \u015bciany, schowanie urz\u0105dze\u0144 i pozostawienie du\u017cej ilo\u015bci wolnego blatu. Po fakcie w\u0142a\u015bnie takie rozwi\u0105zania najbardziej wp\u0142ywaj\u0105 na wygod\u0119 codziennego mieszkania.<\/p>\n\n\n\n<figure class=\"wp-block-image alignwide size-large\"><img loading=\"lazy\" decoding=\"async\" width=\"768\" height=\"1024\" src=\"https:\/\/mieszkaniewpraktyce.pl\/wp-content\/uploads\/2026\/07\/nowoczesna-kuchnia-w-nowym-mieszkaniu-01.jpg-768x1024.jpg\" alt=\"Nowoczesna kuchnia w nowym mieszkaniu z zabudow\u0105 w kszta\u0142cie litery L i szafkami do sufitu.\" class=\"wp-image-500\" srcset=\"https:\/\/mieszkaniewpraktyce.pl\/wp-content\/uploads\/2026\/07\/nowoczesna-kuchnia-w-nowym-mieszkaniu-01.jpg-768x1024.jpg 768w, https:\/\/mieszkaniewpraktyce.pl\/wp-content\/uploads\/2026\/07\/nowoczesna-kuchnia-w-nowym-mieszkaniu-01.jpg-225x300.jpg 225w, https:\/\/mieszkaniewpraktyce.pl\/wp-content\/uploads\/2026\/07\/nowoczesna-kuchnia-w-nowym-mieszkaniu-01.jpg.jpg 960w\" sizes=\"auto, (max-width: 768px) 100vw, 768px\" \/><\/figure>\n\n\n\n<h2 class=\"wp-block-heading\">Od pustego mieszkania do gotowej przestrzeni<\/h2>\n\n\n\n<p class=\"wp-block-paragraph\">Nowe mieszkanie dawa\u0142o du\u017c\u0105 swobod\u0119 podczas projektowania. Nie trzeba by\u0142o dopasowywa\u0107 si\u0119 do starych mebli ani zostawia\u0107 przypadkowych element\u00f3w wyposa\u017cenia. Dzi\u0119ki temu mo\u017cna by\u0142o od razu zaplanowa\u0107 wysok\u0105 zabudow\u0119 oraz uk\u0142ad roboczy w kszta\u0142cie litery L.<\/p>\n\n\n\n<p class=\"wp-block-paragraph\">Na pocz\u0105tku rozwa\u017cano kilka r\u00f3\u017cnych uk\u0142ad\u00f3w. Cz\u0119\u015b\u0107 pomys\u0142\u00f3w odpad\u0142a, poniewa\u017c zmniejsza\u0142a ilo\u015b\u0107 miejsca do przechowywania albo zostawia\u0142a zbyt du\u017co sprz\u0119tu na widoku. Ostatecznie zdecydowano si\u0119 na rozwi\u0105zanie, kt\u00f3re pozwala wykorzysta\u0107 ca\u0142\u0105 wysoko\u015b\u0107 pomieszczenia.<\/p>\n\n\n\n<p class=\"wp-block-paragraph\">To do\u015b\u0107 typowa sytuacja w nowych mieszkaniach. Im wcze\u015bniej przemy\u015bli si\u0119 uk\u0142ad zabudowy, tym mniej kompromis\u00f3w pojawia si\u0119 p\u00f3\u017aniej.<\/p>\n\n\n\n<figure class=\"wp-block-image alignwide size-large\"><img loading=\"lazy\" decoding=\"async\" width=\"768\" height=\"1024\" src=\"https:\/\/mieszkaniewpraktyce.pl\/wp-content\/uploads\/2026\/07\/zabudowa-kuchenna-z-wysokimi-slupkami-02.jpg-768x1024.jpg\" alt=\"Kuchnia z wysok\u0105 zabudow\u0105, piekarnikiem w s\u0142upku i frontami w dekorze drewna.\" class=\"wp-image-501\" srcset=\"https:\/\/mieszkaniewpraktyce.pl\/wp-content\/uploads\/2026\/07\/zabudowa-kuchenna-z-wysokimi-slupkami-02.jpg-768x1024.jpg 768w, https:\/\/mieszkaniewpraktyce.pl\/wp-content\/uploads\/2026\/07\/zabudowa-kuchenna-z-wysokimi-slupkami-02.jpg-225x300.jpg 225w, https:\/\/mieszkaniewpraktyce.pl\/wp-content\/uploads\/2026\/07\/zabudowa-kuchenna-z-wysokimi-slupkami-02.jpg.jpg 960w\" sizes=\"auto, (max-width: 768px) 100vw, 768px\" \/><\/figure>\n\n\n\n<h2 class=\"wp-block-heading\">Dlaczego wysoka zabudowa sprawdza si\u0119 w praktyce<\/h2>\n\n\n\n<p class=\"wp-block-paragraph\">Jedn\u0105 z wa\u017cniejszych decyzji by\u0142o wykonanie wysokiej zabudowy si\u0119gaj\u0105cej prawie do sufitu. Dzi\u0119ki temu uda\u0142o si\u0119 wykorzysta\u0107 miejsce, kt\u00f3re w wielu kuchniach pozostaje puste i tylko zbiera kurz.<\/p>\n\n\n\n<p class=\"wp-block-paragraph\">G\u00f3rne nadstawki zosta\u0142y po\u0142\u0105czone w wi\u0119ksze fronty. Zamiast wielu ma\u0142ych drzwiczek powsta\u0142y wi\u0119ksze powierzchnie z mniejsz\u0105 liczb\u0105 podzia\u0142\u00f3w. W rzeczywisto\u015bci robi to spor\u0105 r\u00f3\u017cnic\u0119. Ca\u0142a \u015bciana wygl\u0105da spokojniej i nie sprawia wra\u017cenia prze\u0142adowanej.<\/p>\n\n\n\n<p class=\"wp-block-paragraph\">Dodatkowym plusem jest wi\u0119ksza ilo\u015b\u0107 miejsca na rzeczy u\u017cywane okazjonalnie. Walizki, zapasowe naczynia czy sprz\u0119t \u015bwi\u0105teczny nie zajmuj\u0105 ju\u017c miejsca w codziennie u\u017cywanych szafkach.<\/p>\n\n\n\n<figure class=\"wp-block-image alignwide size-large\"><img loading=\"lazy\" decoding=\"async\" width=\"768\" height=\"1024\" src=\"https:\/\/mieszkaniewpraktyce.pl\/wp-content\/uploads\/2026\/07\/sprzet-agd-w-zabudowie-kuchennej-03.jpg-768x1024.jpg\" alt=\"Wbudowana lod\u00f3wka, zmywarka oraz pojemne szuflady w kuchni wykonanej na wymiar.\" class=\"wp-image-502\" srcset=\"https:\/\/mieszkaniewpraktyce.pl\/wp-content\/uploads\/2026\/07\/sprzet-agd-w-zabudowie-kuchennej-03.jpg-768x1024.jpg 768w, https:\/\/mieszkaniewpraktyce.pl\/wp-content\/uploads\/2026\/07\/sprzet-agd-w-zabudowie-kuchennej-03.jpg-225x300.jpg 225w, https:\/\/mieszkaniewpraktyce.pl\/wp-content\/uploads\/2026\/07\/sprzet-agd-w-zabudowie-kuchennej-03.jpg.jpg 960w\" sizes=\"auto, (max-width: 768px) 100vw, 768px\" \/><\/figure>\n\n\n\n<h2 class=\"wp-block-heading\">Sprz\u0119t schowany tam, gdzie powinien by\u0107<\/h2>\n\n\n\n<p class=\"wp-block-paragraph\">Projekt od pocz\u0105tku zak\u0142ada\u0142 pe\u0142n\u0105 zabudow\u0119 urz\u0105dze\u0144 AGD. Lod\u00f3wka zosta\u0142a ukryta za frontem meblowym, podobnie jak piekarnik i kuchenka mikrofalowa umieszczone w s\u0142upku.<\/p>\n\n\n\n<p class=\"wp-block-paragraph\">Uda\u0142o si\u0119 r\u00f3wnie\u017c schowa\u0107 kocio\u0142 gazowy, dzi\u0119ki czemu nie dominuje on we wn\u0119trzu. Przy wej\u015bciu do kuchni powsta\u0142 dodatkowy wysoki s\u0142upek przeznaczony na pralk\u0119 i suszark\u0119. Po zamkni\u0119ciu front\u00f3w nic nie zdradza, \u017ce w\u0142a\u015bnie tam znajduj\u0105 si\u0119 urz\u0105dzenia gospodarcze.<\/p>\n\n\n\n<p class=\"wp-block-paragraph\">Na co dzie\u0144 to bardzo wygodne rozwi\u0105zanie. Sprz\u0119t jest \u0142atwo dost\u0119pny, ale nie przyci\u0105ga uwagi.<\/p>\n\n\n\n<h2 class=\"wp-block-heading\">Materia\u0142y dobrane z my\u015bl\u0105 o codziennym u\u017cytkowaniu<\/h2>\n\n\n\n<p class=\"wp-block-paragraph\">Blat roboczy oraz \u015bcian\u0119 pomi\u0119dzy szafkami wykonano z p\u0142yty HPL. Takie rozwi\u0105zanie dobrze sprawdza si\u0119 podczas normalnego u\u017cytkowania kuchni. Powierzchnia jest \u0142atwa do utrzymania w czysto\u015bci i nie wymaga specjalnej piel\u0119gnacji.<\/p>\n\n\n\n<p class=\"wp-block-paragraph\">Zastosowano zlew podwieszany. W praktyce oznacza to, \u017ce okruchy lub woda mog\u0105 by\u0107 bez problemu zgarni\u0119te bezpo\u015brednio do komory zlewu. Nie ma wystaj\u0105cej kraw\u0119dzi, przy kt\u00f3rej zwykle gromadzi si\u0119 brud.<\/p>\n\n\n\n<p class=\"wp-block-paragraph\">Fronty wyko\u0144czono w dw\u00f3ch dekorach. Jasnoszare powierzchnie po\u0142\u0105czono z ciep\u0142ym dekorem drewna. Dzi\u0119ki temu wysokie s\u0142upki nie wygl\u0105daj\u0105 ci\u0119\u017cko, mimo swoich rozmiar\u00f3w.<\/p>\n\n\n\n<figure class=\"wp-block-image alignwide size-large\"><img loading=\"lazy\" decoding=\"async\" width=\"768\" height=\"1024\" src=\"https:\/\/mieszkaniewpraktyce.pl\/wp-content\/uploads\/2026\/07\/blat-hpl-i-zlew-podwieszany-04.jpg-768x1024.jpg\" alt=\"Blat z p\u0142yty HPL, zlew podwieszany i gazowa p\u0142yta grzewcza w nowoczesnej kuchni.\" class=\"wp-image-503\" srcset=\"https:\/\/mieszkaniewpraktyce.pl\/wp-content\/uploads\/2026\/07\/blat-hpl-i-zlew-podwieszany-04.jpg-768x1024.jpg 768w, https:\/\/mieszkaniewpraktyce.pl\/wp-content\/uploads\/2026\/07\/blat-hpl-i-zlew-podwieszany-04.jpg-225x300.jpg 225w, https:\/\/mieszkaniewpraktyce.pl\/wp-content\/uploads\/2026\/07\/blat-hpl-i-zlew-podwieszany-04.jpg.jpg 960w\" sizes=\"auto, (max-width: 768px) 100vw, 768px\" \/><\/figure>\n\n\n\n<h2 class=\"wp-block-heading\">Mieszkanie przygotowane na wiele lat<\/h2>\n\n\n\n<p class=\"wp-block-paragraph\">W nowym mieszkaniu szczeg\u00f3lnie wa\u017cne by\u0142o stworzenie du\u017cej ilo\u015bci miejsca do przechowywania. M\u0142oda rodzina nie chcia\u0142a zastawia\u0107 salonu dodatkowymi komodami ani rega\u0142ami. Dlatego wi\u0119kszo\u015b\u0107 rzeczy codziennego u\u017cytku mia\u0142a zmie\u015bci\u0107 si\u0119 w\u0142a\u015bnie w kuchni.<\/p>\n\n\n\n<p class=\"wp-block-paragraph\">Szuflady pozwalaj\u0105 wygodnie uporz\u0105dkowa\u0107 naczynia i zapasy. Wysokie s\u0142upki mieszcz\u0105 sprz\u0119t AGD oraz produkty spo\u017cywcze. G\u00f3rne szafki wykorzystuj\u0105 przestrze\u0144 pod samym sufitem.<\/p>\n\n\n\n<p class=\"wp-block-paragraph\">Po kilku tygodniach u\u017cytkowania zwykle okazuje si\u0119, \u017ce w\u0142a\u015bnie takich miejsc najbardziej brakuje w standardowych kuchniach deweloperskich.<\/p>\n\n\n\n<h2 class=\"wp-block-heading\">Detale, kt\u00f3re robi\u0105 r\u00f3\u017cnic\u0119<\/h2>\n\n\n\n<p class=\"wp-block-paragraph\">W projekcie zastosowano okucia Blum oraz zintegrowane uchwyty. To rozwi\u0105zanie dobrze sprawdza si\u0119 podczas codziennego korzystania z kuchni. Nic nie wystaje poza lini\u0119 front\u00f3w, ubranie nie zahacza o uchwyty podczas przechodzenia, a szuflady otwieraj\u0105 si\u0119 p\u0142ynnie nawet po pe\u0142nym za\u0142adowaniu.<\/p>\n\n\n\n<p class=\"wp-block-paragraph\">Pod g\u00f3rnymi szafkami zamontowano liniowe o\u015bwietlenie LED. Wieczorem dobrze do\u015bwietla blat roboczy i nie tworzy mocnych cieni podczas przygotowywania posi\u0142k\u00f3w.<\/p>\n\n\n\n<p class=\"wp-block-paragraph\">Du\u017c\u0105 rol\u0119 odgrywa tak\u017ce sp\u00f3jno\u015b\u0107 materia\u0142\u00f3w. Czarne dodatki, ciemny blat oraz sprz\u0119t AGD tworz\u0105 jedn\u0105 ca\u0142o\u015b\u0107, a drewniane fronty ocieplaj\u0105 wn\u0119trze mieszkania.<\/p>\n\n\n\n<h2 class=\"wp-block-heading\">Czy taki uk\u0142ad sprawdzi si\u0119 w ka\u017cdym mieszkaniu?<\/h2>\n\n\n\n<p class=\"wp-block-paragraph\">Nie zawsze. Wszystko zale\u017cy od wielko\u015bci pomieszczenia i potrzeb domownik\u00f3w. W tym przypadku w\u0142a\u015bciciele od pocz\u0105tku wiedzieli, \u017ce wol\u0105 wi\u0119cej miejsca do przechowywania ni\u017c otwarte p\u00f3\u0142ki.<\/p>\n\n\n\n<p class=\"wp-block-paragraph\">To rozwi\u0105zanie dobrze sprawdzi si\u0119 w nowych mieszkaniach, gdzie mo\u017cna zaplanowa\u0107 zabudow\u0119 jeszcze przed zako\u0144czeniem prac wyko\u0144czeniowych. Wtedy \u0142atwiej ukry\u0107 instalacje, dopasowa\u0107 sprz\u0119t i wykorzysta\u0107 ca\u0142\u0105 wysoko\u015b\u0107 \u015bcian.<\/p>\n\n\n\n<p class=\"wp-block-paragraph\">Koszt realizacji ca\u0142ego projektu wyni\u00f3s\u0142 oko\u0142o 7000 dolar\u00f3w. Obejmowa\u0142 kompletn\u0105 zabudow\u0119 kuchenn\u0105, wysokie s\u0142upki, systemy Blum oraz przygotowanie miejsca dla ca\u0142ego wyposa\u017cenia AGD. W praktyce w\u0142a\u015bciciele otrzymali mieszkanie gotowe do codziennego \u017cycia bez potrzeby dok\u0142adania kolejnych szaf czy rega\u0142\u00f3w.<\/p>\n","protected":false},"excerpt":{"rendered":"<p>Zakup nowego mieszkania to najlepszy moment, aby od razu zaplanowa\u0107 funkcjonaln\u0105 przestrze\u0144. W tym projekcie najwa\u017cniejsze by\u0142o wykorzystanie ca\u0142ej wysoko\u015bci \u015bcian, ukrycie sprz\u0119tu AGD i stworzenie du\u017cej ilo\u015bci miejsca do przechowywania bez prze\u0142adowania wn\u0119trza.<\/p>\n<p>Pokazujemy, jak przemy\u015blana zabudowa wp\u0142ywa na wygod\u0119 codziennego \u017cycia i dlaczego ju\u017c na etapie wyka\u0144czania mieszkania warto zaplanowa\u0107 kuchni\u0119 jako integraln\u0105 cz\u0119\u015b\u0107 ca\u0142ego wn\u0119trza.<\/p>\n","protected":false},"author":1,"featured_media":500,"comment_status":"open","ping_status":"open","sticky":false,"template":"","format":"standard","meta":{"footnotes":""},"categories":[3,40],"tags":[274,270,275,277,197,45,236,23,272,276,273,271],"class_list":["post-499","post","type-post","status-publish","format-standard","has-post-thumbnail","hentry","category-kuchnia","category-meble","tag-agd-w-zabudowie","tag-aranzacja-mieszkania","tag-inspiracje","tag-kuchnia","tag-kuchnia-na-wymiar","tag-kuchnia-w-mieszkaniu","tag-mieszkanie-deweloperskie","tag-nowe-mieszkanie","tag-przechowywanie","tag-rodzina","tag-wnetrza","tag-zabudowa-pod-sufit"],"blocksy_meta":[],"yoast_head":"<!-- This site is optimized with the Yoast SEO plugin v27.1.1 - https:\/\/yoast.com\/product\/yoast-seo-wordpress\/ -->\n<title>Urz\u0105dzanie nowego mieszkania - jak zaplanowali\u015bmy kuchni\u0119, \u017ceby wszystko mia\u0142o swoje miejsce - mieszkaniewpraktyce.pl<\/title>\n<meta name=\"robots\" content=\"index, follow, max-snippet:-1, max-image-preview:large, max-video-preview:-1\" \/>\n<link rel=\"canonical\" href=\"http:\/\/mieszkaniewpraktyce.pl\/index.php\/2026\/07\/12\/urzadzanie-nowego-mieszkania-kuchnia-zabudowa-pod-sufit\/\" \/>\n<meta property=\"og:locale\" content=\"pl_PL\" \/>\n<meta property=\"og:type\" content=\"article\" \/>\n<meta property=\"og:title\" content=\"Urz\u0105dzanie nowego mieszkania - jak zaplanowali\u015bmy kuchni\u0119, \u017ceby wszystko mia\u0142o swoje miejsce - mieszkaniewpraktyce.pl\" \/>\n<meta property=\"og:description\" content=\"Zakup nowego mieszkania to najlepszy moment, aby od razu zaplanowa\u0107 funkcjonaln\u0105 przestrze\u0144. W tym projekcie najwa\u017cniejsze by\u0142o wykorzystanie ca\u0142ej wysoko\u015bci \u015bcian, ukrycie sprz\u0119tu AGD i stworzenie du\u017cej ilo\u015bci miejsca do przechowywania bez prze\u0142adowania wn\u0119trza. Pokazujemy, jak przemy\u015blana zabudowa wp\u0142ywa na wygod\u0119 codziennego \u017cycia i dlaczego ju\u017c na etapie wyka\u0144czania mieszkania warto zaplanowa\u0107 kuchni\u0119 jako integraln\u0105 cz\u0119\u015b\u0107 ca\u0142ego wn\u0119trza.\" \/>\n<meta property=\"og:url\" content=\"http:\/\/mieszkaniewpraktyce.pl\/index.php\/2026\/07\/12\/urzadzanie-nowego-mieszkania-kuchnia-zabudowa-pod-sufit\/\" \/>\n<meta property=\"og:site_name\" content=\"mieszkaniewpraktyce.pl\" \/>\n<meta property=\"article:published_time\" content=\"2026-07-12T10:00:02+00:00\" \/>\n<meta property=\"article:modified_time\" content=\"2026-07-12T10:00:04+00:00\" \/>\n<meta property=\"og:image\" content=\"http:\/\/mieszkaniewpraktyce.pl\/wp-content\/uploads\/2026\/07\/nowoczesna-kuchnia-w-nowym-mieszkaniu-01.jpg.jpg\" \/>\n\t<meta property=\"og:image:width\" content=\"960\" \/>\n\t<meta property=\"og:image:height\" content=\"1280\" \/>\n\t<meta property=\"og:image:type\" content=\"image\/jpeg\" \/>\n<meta name=\"author\" content=\"Marek_Nowicki\" \/>\n<meta name=\"twitter:card\" content=\"summary_large_image\" \/>\n<meta name=\"twitter:label1\" content=\"Napisane przez\" \/>\n\t<meta name=\"twitter:data1\" content=\"Marek_Nowicki\" \/>\n\t<meta name=\"twitter:label2\" content=\"Szacowany czas czytania\" \/>\n\t<meta name=\"twitter:data2\" content=\"6 minut\" \/>\n<script type=\"application\/ld+json\" class=\"yoast-schema-graph\">{\"@context\":\"https:\/\/schema.org\",\"@graph\":[{\"@type\":\"Article\",\"@id\":\"http:\/\/mieszkaniewpraktyce.pl\/index.php\/2026\/07\/12\/urzadzanie-nowego-mieszkania-kuchnia-zabudowa-pod-sufit\/#article\",\"isPartOf\":{\"@id\":\"http:\/\/mieszkaniewpraktyce.pl\/index.php\/2026\/07\/12\/urzadzanie-nowego-mieszkania-kuchnia-zabudowa-pod-sufit\/\"},\"author\":{\"name\":\"Marek_Nowicki\",\"@id\":\"https:\/\/mieszkaniewpraktyce.pl\/#\/schema\/person\/1debe21f25a65ed7b83dc4a1afb2a980\"},\"headline\":\"Urz\u0105dzanie nowego mieszkania &#8211; jak zaplanowali\u015bmy kuchni\u0119, \u017ceby wszystko mia\u0142o swoje miejsce\",\"datePublished\":\"2026-07-12T10:00:02+00:00\",\"dateModified\":\"2026-07-12T10:00:04+00:00\",\"mainEntityOfPage\":{\"@id\":\"http:\/\/mieszkaniewpraktyce.pl\/index.php\/2026\/07\/12\/urzadzanie-nowego-mieszkania-kuchnia-zabudowa-pod-sufit\/\"},\"wordCount\":917,\"commentCount\":0,\"publisher\":{\"@id\":\"https:\/\/mieszkaniewpraktyce.pl\/#\/schema\/person\/1debe21f25a65ed7b83dc4a1afb2a980\"},\"image\":{\"@id\":\"http:\/\/mieszkaniewpraktyce.pl\/index.php\/2026\/07\/12\/urzadzanie-nowego-mieszkania-kuchnia-zabudowa-pod-sufit\/#primaryimage\"},\"thumbnailUrl\":\"https:\/\/mieszkaniewpraktyce.pl\/wp-content\/uploads\/2026\/07\/nowoczesna-kuchnia-w-nowym-mieszkaniu-01.jpg.jpg\",\"keywords\":[\"AGD w zabudowie\",\"aran\u017cacja mieszkania\",\"inspiracje\",\"kuchnia\",\"kuchnia na wymiar\",\"kuchnia w mieszkaniu\",\"mieszkanie deweloperskie\",\"nowe mieszkanie\",\"przechowywanie\",\"rodzina\",\"wn\u0119trza\",\"zabudowa pod sufit\"],\"articleSection\":[\"Kuchnia\",\"Meble\"],\"inLanguage\":\"pl-PL\",\"potentialAction\":[{\"@type\":\"CommentAction\",\"name\":\"Comment\",\"target\":[\"http:\/\/mieszkaniewpraktyce.pl\/index.php\/2026\/07\/12\/urzadzanie-nowego-mieszkania-kuchnia-zabudowa-pod-sufit\/#respond\"]}]},{\"@type\":\"WebPage\",\"@id\":\"http:\/\/mieszkaniewpraktyce.pl\/index.php\/2026\/07\/12\/urzadzanie-nowego-mieszkania-kuchnia-zabudowa-pod-sufit\/\",\"url\":\"http:\/\/mieszkaniewpraktyce.pl\/index.php\/2026\/07\/12\/urzadzanie-nowego-mieszkania-kuchnia-zabudowa-pod-sufit\/\",\"name\":\"Urz\u0105dzanie nowego mieszkania - jak zaplanowali\u015bmy kuchni\u0119, \u017ceby wszystko mia\u0142o swoje miejsce - mieszkaniewpraktyce.pl\",\"isPartOf\":{\"@id\":\"https:\/\/mieszkaniewpraktyce.pl\/#website\"},\"primaryImageOfPage\":{\"@id\":\"http:\/\/mieszkaniewpraktyce.pl\/index.php\/2026\/07\/12\/urzadzanie-nowego-mieszkania-kuchnia-zabudowa-pod-sufit\/#primaryimage\"},\"image\":{\"@id\":\"http:\/\/mieszkaniewpraktyce.pl\/index.php\/2026\/07\/12\/urzadzanie-nowego-mieszkania-kuchnia-zabudowa-pod-sufit\/#primaryimage\"},\"thumbnailUrl\":\"https:\/\/mieszkaniewpraktyce.pl\/wp-content\/uploads\/2026\/07\/nowoczesna-kuchnia-w-nowym-mieszkaniu-01.jpg.jpg\",\"datePublished\":\"2026-07-12T10:00:02+00:00\",\"dateModified\":\"2026-07-12T10:00:04+00:00\",\"breadcrumb\":{\"@id\":\"http:\/\/mieszkaniewpraktyce.pl\/index.php\/2026\/07\/12\/urzadzanie-nowego-mieszkania-kuchnia-zabudowa-pod-sufit\/#breadcrumb\"},\"inLanguage\":\"pl-PL\",\"potentialAction\":[{\"@type\":\"ReadAction\",\"target\":[\"http:\/\/mieszkaniewpraktyce.pl\/index.php\/2026\/07\/12\/urzadzanie-nowego-mieszkania-kuchnia-zabudowa-pod-sufit\/\"]}]},{\"@type\":\"ImageObject\",\"inLanguage\":\"pl-PL\",\"@id\":\"http:\/\/mieszkaniewpraktyce.pl\/index.php\/2026\/07\/12\/urzadzanie-nowego-mieszkania-kuchnia-zabudowa-pod-sufit\/#primaryimage\",\"url\":\"https:\/\/mieszkaniewpraktyce.pl\/wp-content\/uploads\/2026\/07\/nowoczesna-kuchnia-w-nowym-mieszkaniu-01.jpg.jpg\",\"contentUrl\":\"https:\/\/mieszkaniewpraktyce.pl\/wp-content\/uploads\/2026\/07\/nowoczesna-kuchnia-w-nowym-mieszkaniu-01.jpg.jpg\",\"width\":960,\"height\":1280},{\"@type\":\"BreadcrumbList\",\"@id\":\"http:\/\/mieszkaniewpraktyce.pl\/index.php\/2026\/07\/12\/urzadzanie-nowego-mieszkania-kuchnia-zabudowa-pod-sufit\/#breadcrumb\",\"itemListElement\":[{\"@type\":\"ListItem\",\"position\":1,\"name\":\"Strona g\u0142\u00f3wna\",\"item\":\"https:\/\/mieszkaniewpraktyce.pl\/\"},{\"@type\":\"ListItem\",\"position\":2,\"name\":\"Urz\u0105dzanie nowego mieszkania &#8211; jak zaplanowali\u015bmy kuchni\u0119, \u017ceby wszystko mia\u0142o swoje miejsce\"}]},{\"@type\":\"WebSite\",\"@id\":\"https:\/\/mieszkaniewpraktyce.pl\/#website\",\"url\":\"https:\/\/mieszkaniewpraktyce.pl\/\",\"name\":\"mieszkaniewpraktyce.pl\",\"description\":\"\",\"publisher\":{\"@id\":\"https:\/\/mieszkaniewpraktyce.pl\/#\/schema\/person\/1debe21f25a65ed7b83dc4a1afb2a980\"},\"potentialAction\":[{\"@type\":\"SearchAction\",\"target\":{\"@type\":\"EntryPoint\",\"urlTemplate\":\"https:\/\/mieszkaniewpraktyce.pl\/?s={search_term_string}\"},\"query-input\":{\"@type\":\"PropertyValueSpecification\",\"valueRequired\":true,\"valueName\":\"search_term_string\"}}],\"inLanguage\":\"pl-PL\"},{\"@type\":[\"Person\",\"Organization\"],\"@id\":\"https:\/\/mieszkaniewpraktyce.pl\/#\/schema\/person\/1debe21f25a65ed7b83dc4a1afb2a980\",\"name\":\"Marek_Nowicki\",\"image\":{\"@type\":\"ImageObject\",\"inLanguage\":\"pl-PL\",\"@id\":\"https:\/\/mieszkaniewpraktyce.pl\/#\/schema\/person\/image\/\",\"url\":\"https:\/\/mieszkaniewpraktyce.pl\/wp-content\/uploads\/2026\/03\/Marek_Nowicki.png\",\"contentUrl\":\"https:\/\/mieszkaniewpraktyce.pl\/wp-content\/uploads\/2026\/03\/Marek_Nowicki.png\",\"width\":1024,\"height\":1024,\"caption\":\"Marek_Nowicki\"},\"logo\":{\"@id\":\"https:\/\/mieszkaniewpraktyce.pl\/#\/schema\/person\/image\/\"},\"sameAs\":[\"http:\/\/mieszkaniewpraktyce.pl\"],\"url\":\"https:\/\/mieszkaniewpraktyce.pl\/index.php\/author\/marek_nowicki\/\"}]}<\/script>\n<!-- \/ Yoast SEO plugin. -->","yoast_head_json":{"title":"Urz\u0105dzanie nowego mieszkania - jak zaplanowali\u015bmy kuchni\u0119, \u017ceby wszystko mia\u0142o swoje miejsce - mieszkaniewpraktyce.pl","robots":{"index":"index","follow":"follow","max-snippet":"max-snippet:-1","max-image-preview":"max-image-preview:large","max-video-preview":"max-video-preview:-1"},"canonical":"http:\/\/mieszkaniewpraktyce.pl\/index.php\/2026\/07\/12\/urzadzanie-nowego-mieszkania-kuchnia-zabudowa-pod-sufit\/","og_locale":"pl_PL","og_type":"article","og_title":"Urz\u0105dzanie nowego mieszkania - jak zaplanowali\u015bmy kuchni\u0119, \u017ceby wszystko mia\u0142o swoje miejsce - mieszkaniewpraktyce.pl","og_description":"Zakup nowego mieszkania to najlepszy moment, aby od razu zaplanowa\u0107 funkcjonaln\u0105 przestrze\u0144. W tym projekcie najwa\u017cniejsze by\u0142o wykorzystanie ca\u0142ej wysoko\u015bci \u015bcian, ukrycie sprz\u0119tu AGD i stworzenie du\u017cej ilo\u015bci miejsca do przechowywania bez prze\u0142adowania wn\u0119trza. Pokazujemy, jak przemy\u015blana zabudowa wp\u0142ywa na wygod\u0119 codziennego \u017cycia i dlaczego ju\u017c na etapie wyka\u0144czania mieszkania warto zaplanowa\u0107 kuchni\u0119 jako integraln\u0105 cz\u0119\u015b\u0107 ca\u0142ego wn\u0119trza.","og_url":"http:\/\/mieszkaniewpraktyce.pl\/index.php\/2026\/07\/12\/urzadzanie-nowego-mieszkania-kuchnia-zabudowa-pod-sufit\/","og_site_name":"mieszkaniewpraktyce.pl","article_published_time":"2026-07-12T10:00:02+00:00","article_modified_time":"2026-07-12T10:00:04+00:00","og_image":[{"width":960,"height":1280,"url":"http:\/\/mieszkaniewpraktyce.pl\/wp-content\/uploads\/2026\/07\/nowoczesna-kuchnia-w-nowym-mieszkaniu-01.jpg.jpg","type":"image\/jpeg"}],"author":"Marek_Nowicki","twitter_card":"summary_large_image","twitter_misc":{"Napisane przez":"Marek_Nowicki","Szacowany czas czytania":"6 minut"},"schema":{"@context":"https:\/\/schema.org","@graph":[{"@type":"Article","@id":"http:\/\/mieszkaniewpraktyce.pl\/index.php\/2026\/07\/12\/urzadzanie-nowego-mieszkania-kuchnia-zabudowa-pod-sufit\/#article","isPartOf":{"@id":"http:\/\/mieszkaniewpraktyce.pl\/index.php\/2026\/07\/12\/urzadzanie-nowego-mieszkania-kuchnia-zabudowa-pod-sufit\/"},"author":{"name":"Marek_Nowicki","@id":"https:\/\/mieszkaniewpraktyce.pl\/#\/schema\/person\/1debe21f25a65ed7b83dc4a1afb2a980"},"headline":"Urz\u0105dzanie nowego mieszkania &#8211; jak zaplanowali\u015bmy kuchni\u0119, \u017ceby wszystko mia\u0142o swoje miejsce","datePublished":"2026-07-12T10:00:02+00:00","dateModified":"2026-07-12T10:00:04+00:00","mainEntityOfPage":{"@id":"http:\/\/mieszkaniewpraktyce.pl\/index.php\/2026\/07\/12\/urzadzanie-nowego-mieszkania-kuchnia-zabudowa-pod-sufit\/"},"wordCount":917,"commentCount":0,"publisher":{"@id":"https:\/\/mieszkaniewpraktyce.pl\/#\/schema\/person\/1debe21f25a65ed7b83dc4a1afb2a980"},"image":{"@id":"http:\/\/mieszkaniewpraktyce.pl\/index.php\/2026\/07\/12\/urzadzanie-nowego-mieszkania-kuchnia-zabudowa-pod-sufit\/#primaryimage"},"thumbnailUrl":"https:\/\/mieszkaniewpraktyce.pl\/wp-content\/uploads\/2026\/07\/nowoczesna-kuchnia-w-nowym-mieszkaniu-01.jpg.jpg","keywords":["AGD w zabudowie","aran\u017cacja mieszkania","inspiracje","kuchnia","kuchnia na wymiar","kuchnia w mieszkaniu","mieszkanie deweloperskie","nowe mieszkanie","przechowywanie","rodzina","wn\u0119trza","zabudowa pod sufit"],"articleSection":["Kuchnia","Meble"],"inLanguage":"pl-PL","potentialAction":[{"@type":"CommentAction","name":"Comment","target":["http:\/\/mieszkaniewpraktyce.pl\/index.php\/2026\/07\/12\/urzadzanie-nowego-mieszkania-kuchnia-zabudowa-pod-sufit\/#respond"]}]},{"@type":"WebPage","@id":"http:\/\/mieszkaniewpraktyce.pl\/index.php\/2026\/07\/12\/urzadzanie-nowego-mieszkania-kuchnia-zabudowa-pod-sufit\/","url":"http:\/\/mieszkaniewpraktyce.pl\/index.php\/2026\/07\/12\/urzadzanie-nowego-mieszkania-kuchnia-zabudowa-pod-sufit\/","name":"Urz\u0105dzanie nowego mieszkania - jak zaplanowali\u015bmy kuchni\u0119, \u017ceby wszystko mia\u0142o swoje miejsce - mieszkaniewpraktyce.pl","isPartOf":{"@id":"https:\/\/mieszkaniewpraktyce.pl\/#website"},"primaryImageOfPage":{"@id":"http:\/\/mieszkaniewpraktyce.pl\/index.php\/2026\/07\/12\/urzadzanie-nowego-mieszkania-kuchnia-zabudowa-pod-sufit\/#primaryimage"},"image":{"@id":"http:\/\/mieszkaniewpraktyce.pl\/index.php\/2026\/07\/12\/urzadzanie-nowego-mieszkania-kuchnia-zabudowa-pod-sufit\/#primaryimage"},"thumbnailUrl":"https:\/\/mieszkaniewpraktyce.pl\/wp-content\/uploads\/2026\/07\/nowoczesna-kuchnia-w-nowym-mieszkaniu-01.jpg.jpg","datePublished":"2026-07-12T10:00:02+00:00","dateModified":"2026-07-12T10:00:04+00:00","breadcrumb":{"@id":"http:\/\/mieszkaniewpraktyce.pl\/index.php\/2026\/07\/12\/urzadzanie-nowego-mieszkania-kuchnia-zabudowa-pod-sufit\/#breadcrumb"},"inLanguage":"pl-PL","potentialAction":[{"@type":"ReadAction","target":["http:\/\/mieszkaniewpraktyce.pl\/index.php\/2026\/07\/12\/urzadzanie-nowego-mieszkania-kuchnia-zabudowa-pod-sufit\/"]}]},{"@type":"ImageObject","inLanguage":"pl-PL","@id":"http:\/\/mieszkaniewpraktyce.pl\/index.php\/2026\/07\/12\/urzadzanie-nowego-mieszkania-kuchnia-zabudowa-pod-sufit\/#primaryimage","url":"https:\/\/mieszkaniewpraktyce.pl\/wp-content\/uploads\/2026\/07\/nowoczesna-kuchnia-w-nowym-mieszkaniu-01.jpg.jpg","contentUrl":"https:\/\/mieszkaniewpraktyce.pl\/wp-content\/uploads\/2026\/07\/nowoczesna-kuchnia-w-nowym-mieszkaniu-01.jpg.jpg","width":960,"height":1280},{"@type":"BreadcrumbList","@id":"http:\/\/mieszkaniewpraktyce.pl\/index.php\/2026\/07\/12\/urzadzanie-nowego-mieszkania-kuchnia-zabudowa-pod-sufit\/#breadcrumb","itemListElement":[{"@type":"ListItem","position":1,"name":"Strona g\u0142\u00f3wna","item":"https:\/\/mieszkaniewpraktyce.pl\/"},{"@type":"ListItem","position":2,"name":"Urz\u0105dzanie nowego mieszkania &#8211; jak zaplanowali\u015bmy kuchni\u0119, \u017ceby wszystko mia\u0142o swoje miejsce"}]},{"@type":"WebSite","@id":"https:\/\/mieszkaniewpraktyce.pl\/#website","url":"https:\/\/mieszkaniewpraktyce.pl\/","name":"mieszkaniewpraktyce.pl","description":"","publisher":{"@id":"https:\/\/mieszkaniewpraktyce.pl\/#\/schema\/person\/1debe21f25a65ed7b83dc4a1afb2a980"},"potentialAction":[{"@type":"SearchAction","target":{"@type":"EntryPoint","urlTemplate":"https:\/\/mieszkaniewpraktyce.pl\/?s={search_term_string}"},"query-input":{"@type":"PropertyValueSpecification","valueRequired":true,"valueName":"search_term_string"}}],"inLanguage":"pl-PL"},{"@type":["Person","Organization"],"@id":"https:\/\/mieszkaniewpraktyce.pl\/#\/schema\/person\/1debe21f25a65ed7b83dc4a1afb2a980","name":"Marek_Nowicki","image":{"@type":"ImageObject","inLanguage":"pl-PL","@id":"https:\/\/mieszkaniewpraktyce.pl\/#\/schema\/person\/image\/","url":"https:\/\/mieszkaniewpraktyce.pl\/wp-content\/uploads\/2026\/03\/Marek_Nowicki.png","contentUrl":"https:\/\/mieszkaniewpraktyce.pl\/wp-content\/uploads\/2026\/03\/Marek_Nowicki.png","width":1024,"height":1024,"caption":"Marek_Nowicki"},"logo":{"@id":"https:\/\/mieszkaniewpraktyce.pl\/#\/schema\/person\/image\/"},"sameAs":["http:\/\/mieszkaniewpraktyce.pl"],"url":"https:\/\/mieszkaniewpraktyce.pl\/index.php\/author\/marek_nowicki\/"}]}},"_links":{"self":[{"href":"https:\/\/mieszkaniewpraktyce.pl\/index.php\/wp-json\/wp\/v2\/posts\/499","targetHints":{"allow":["GET"]}}],"collection":[{"href":"https:\/\/mieszkaniewpraktyce.pl\/index.php\/wp-json\/wp\/v2\/posts"}],"about":[{"href":"https:\/\/mieszkaniewpraktyce.pl\/index.php\/wp-json\/wp\/v2\/types\/post"}],"author":[{"embeddable":true,"href":"https:\/\/mieszkaniewpraktyce.pl\/index.php\/wp-json\/wp\/v2\/users\/1"}],"replies":[{"embeddable":true,"href":"https:\/\/mieszkaniewpraktyce.pl\/index.php\/wp-json\/wp\/v2\/comments?post=499"}],"version-history":[{"count":1,"href":"https:\/\/mieszkaniewpraktyce.pl\/index.php\/wp-json\/wp\/v2\/posts\/499\/revisions"}],"predecessor-version":[{"id":504,"href":"https:\/\/mieszkaniewpraktyce.pl\/index.php\/wp-json\/wp\/v2\/posts\/499\/revisions\/504"}],"wp:featuredmedia":[{"embeddable":true,"href":"https:\/\/mieszkaniewpraktyce.pl\/index.php\/wp-json\/wp\/v2\/media\/500"}],"wp:attachment":[{"href":"https:\/\/mieszkaniewpraktyce.pl\/index.php\/wp-json\/wp\/v2\/media?parent=499"}],"wp:term":[{"taxonomy":"category","embeddable":true,"href":"https:\/\/mieszkaniewpraktyce.pl\/index.php\/wp-json\/wp\/v2\/categories?post=499"},{"taxonomy":"post_tag","embeddable":true,"href":"https:\/\/mieszkaniewpraktyce.pl\/index.php\/wp-json\/wp\/v2\/tags?post=499"}],"curies":[{"name":"wp","href":"https:\/\/api.w.org\/{rel}","templated":true}]}}